{"id":429,"date":"2025-09-24T21:11:02","date_gmt":"2025-09-24T19:11:02","guid":{"rendered":"http:\/\/aikido-montivilliers.fr\/?p=429"},"modified":"2025-09-24T21:11:02","modified_gmt":"2025-09-24T19:11:02","slug":"429","status":"publish","type":"post","link":"http:\/\/aikido-montivilliers.fr\/?p=429","title":{"rendered":""},"content":{"rendered":"\n<p>RENTR\u00c9E 2025.<\/p>\n\n\n\n<p>La rentr\u00e9e 2025 c&rsquo;est tr\u00e8s bien d\u00e9roul\u00e9e et \u00e0 cette occasion des portes ouvertes se sont d\u00e9roul\u00e9es les 16,18,23 et 25 septembre dernier. merci d&rsquo;\u00eatre venu nous rencontrer et bienvenu aux nouveaux arrivant.<\/p>\n","protected":false},"excerpt":{"rendered":"<p>RENTR\u00c9E 2025. La rentr\u00e9e 2025 c&rsquo;est tr\u00e8s bien d\u00e9roul\u00e9e et \u00e0 cette occasion des portes ouvertes se sont d\u00e9roul\u00e9es les&hellip; <a class=\"read-more\" href=\"http:\/\/aikido-montivilliers.fr\/?p=429\">Continuer la lecture<\/a><\/p>\n","protected":false},"author":4,"featured_media":0,"comment_status":"open","ping_status":"open","sticky":false,"template":"","format":"standard","meta":[],"categories":[1],"tags":[],"_links":{"self":[{"href":"http:\/\/aikido-montivilliers.fr\/index.php?rest_route=\/wp\/v2\/posts\/429"}],"collection":[{"href":"http:\/\/aikido-montivilliers.fr\/index.php?rest_route=\/wp\/v2\/posts"}],"about":[{"href":"http:\/\/aikido-montivilliers.fr\/index.php?rest_route=\/wp\/v2\/types\/post"}],"author":[{"embeddable":true,"href":"http:\/\/aikido-montivilliers.fr\/index.php?rest_route=\/wp\/v2\/users\/4"}],"replies":[{"embeddable":true,"href":"http:\/\/aikido-montivilliers.fr\/index.php?rest_route=%2Fwp%2Fv2%2Fcomments&post=429"}],"version-history":[{"count":1,"href":"http:\/\/aikido-montivilliers.fr\/index.php?rest_route=\/wp\/v2\/posts\/429\/revisions"}],"predecessor-version":[{"id":430,"href":"http:\/\/aikido-montivilliers.fr\/index.php?rest_route=\/wp\/v2\/posts\/429\/revisions\/430"}],"wp:attachment":[{"href":"http:\/\/aikido-montivilliers.fr\/index.php?rest_route=%2Fwp%2Fv2%2Fmedia&parent=429"}],"wp:term":[{"taxonomy":"category","embeddable":true,"href":"http:\/\/aikido-montivilliers.fr\/index.php?rest_route=%2Fwp%2Fv2%2Fcategories&post=429"},{"taxonomy":"post_tag","embeddable":true,"href":"http:\/\/aikido-montivilliers.fr\/index.php?rest_route=%2Fwp%2Fv2%2Ftags&post=429"}],"curies":[{"name":"wp","href":"https:\/\/api.w.org\/{rel}","templated":true}]}}